{"id":1583,"date":"2023-02-03T14:28:24","date_gmt":"2023-02-03T13:28:24","guid":{"rendered":"http:\/\/www.digital-art-residencies.kultur-centrale.de\/?p=1583"},"modified":"2023-02-03T14:36:39","modified_gmt":"2023-02-03T13:36:39","slug":"thomas-heerwagen","status":"publish","type":"post","link":"http:\/\/www.digital-art-residencies.kultur-centrale.de\/de\/2023\/02\/03\/thomas-heerwagen\/","title":{"rendered":"Thomas Heerwagen"},"content":{"rendered":"<div class=\"wp-block-media-text alignwide is-stacked-on-mobile is-vertically-aligned-top\" style=\"grid-template-columns:25% auto\"><figure class=\"wp-block-media-text__media\"><img loading=\"lazy\" decoding=\"async\" width=\"1024\" height=\"1024\" src=\"http:\/\/www.digital-art-residencies.kultur-centrale.de\/wp-content\/uploads\/2023\/02\/Thomas-Heerwagen-II-1024x1024.jpg\" alt=\"\" class=\"wp-image-1586 size-full\" srcset=\"http:\/\/www.digital-art-residencies.kultur-centrale.de\/wp-content\/uploads\/2023\/02\/Thomas-Heerwagen-II-1024x1024.jpg 1024w, http:\/\/www.digital-art-residencies.kultur-centrale.de\/wp-content\/uploads\/2023\/02\/Thomas-Heerwagen-II-300x300.jpg 300w, http:\/\/www.digital-art-residencies.kultur-centrale.de\/wp-content\/uploads\/2023\/02\/Thomas-Heerwagen-II-150x150.jpg 150w, http:\/\/www.digital-art-residencies.kultur-centrale.de\/wp-content\/uploads\/2023\/02\/Thomas-Heerwagen-II-768x768.jpg 768w, http:\/\/www.digital-art-residencies.kultur-centrale.de\/wp-content\/uploads\/2023\/02\/Thomas-Heerwagen-II-12x12.jpg 12w, http:\/\/www.digital-art-residencies.kultur-centrale.de\/wp-content\/uploads\/2023\/02\/Thomas-Heerwagen-II-600x600.jpg 600w, http:\/\/www.digital-art-residencies.kultur-centrale.de\/wp-content\/uploads\/2023\/02\/Thomas-Heerwagen-II-649x649.jpg 649w, http:\/\/www.digital-art-residencies.kultur-centrale.de\/wp-content\/uploads\/2023\/02\/Thomas-Heerwagen-II.jpg 1114w\" sizes=\"auto, (max-width: 1024px) 100vw, 1024px\" \/><\/figure><div class=\"wp-block-media-text__content\">\n<p>Als Lehrer f\u00fcr Kunst und Deutsch (vor allem Literatur) spielt die Kunst eine wichtige Rolle in meinem Leben.  Mir wurde klar, dass die Planung eines Kunstwerks nicht meine pers\u00f6nliche Art ist, Kunst zu machen. Stattdessen f\u00fchlt es sich authentischer und passender an, mit Freunden zusammenzukommen und einfach zu zeichnen und zu malen, ohne eine bestimmte Idee am Anfang zu haben. Wir lassen unsere unterbewussten assoziativen Bilder und Zeichnungen gemeinsam wachsen, indem wir die Orte wechseln und die der anderen erg\u00e4nzen.&nbsp;<\/p>\n\n\n\n<p><strong>Wie erlebst du die Digitalisierung des menschlichen Verstandes?<\/strong><\/p>\n\n\n\n<p>F\u00fcr mich ist die Digitalisierung weder etwas Gutes noch etwas Schlechtes. Sie findet sowieso statt, \u00fcberall. Ich sehe in diesem Fortschritt gute Chancen, aber auch das Risiko, dass die individuelle Kreativit\u00e4t verloren geht, da sie paradoxerweise gleichzeitig eine Quelle f\u00fcr Kreativit\u00e4t sein kann.&nbsp;&nbsp;<\/p>\n\n\n\n<p><strong>Wie kann deine Kunstpraxis dazu beitragen, diese Erfahrung zu verstehen?<\/strong><\/p>\n\n\n\n<p>KI-Textroboter zum Beispiel machen mir Angst und faszinieren mich gleichzeitig: Sie schreiben sogar Gedichte! Sind wir ersetzbar? Das glaube ich nicht: Eine KI k\u00f6nnte Ideen verschiedener Autoren zu einem \u00fcberzeugenden Gedicht kombinieren. Aber hat sie auch eine Seele? Sie wird nie das Gef\u00fchl und den Geruch eines hundert Jahre alten Buches zu sch\u00e4tzen wissen. Oder wie es sich anf\u00fchlt, in einer Gruppe von Freunden Kunst zu machen und die Gedanken aufeinanderprallen zu lassen, w\u00e4hrend du den Geruch von Farbe und flie\u00dfender Kreativit\u00e4t sp\u00fcrst.<\/p>\n<\/div><\/div>","protected":false},"excerpt":{"rendered":"<p>As teacher for arts and german (mostly literature), art plays an important role in my life.&nbsp; I realised that planning a piece of art is not my personal way of doing art. Instead, coming together with friends and just beginning to draw and paint with no special idea at the beginning, feels more authentic and &hellip;<\/p>\n<p class=\"read-more\"> <a class=\"\" href=\"http:\/\/www.digital-art-residencies.kultur-centrale.de\/de\/2023\/02\/03\/thomas-heerwagen\/\"> <span class=\"screen-reader-text\">Thomas Heerwagen<\/span> Weiterlesen &raquo;<\/a><\/p>","protected":false},"author":1,"featured_media":1586,"comment_status":"closed","ping_status":"closed","sticky":false,"template":"","format":"standard","meta":{"site-sidebar-layout":"default","site-content-layout":"default","ast-global-header-display":"","ast-main-header-display":"","ast-hfb-above-header-display":"","ast-hfb-below-header-display":"","ast-hfb-mobile-header-display":"","site-post-title":"","ast-breadcrumbs-content":"","ast-featured-img":"disabled","footer-sml-layout":"","theme-transparent-header-meta":"","adv-header-id-meta":"","stick-header-meta":"","header-above-stick-meta":"","header-main-stick-meta":"","header-below-stick-meta":"","pgc_sgb_lightbox_settings":"","footnotes":""},"categories":[3],"tags":[],"class_list":["post-1583","post","type-post","status-publish","format-standard","has-post-thumbnail","hentry","category-artist"],"_links":{"self":[{"href":"http:\/\/www.digital-art-residencies.kultur-centrale.de\/de\/wp-json\/wp\/v2\/posts\/1583","targetHints":{"allow":["GET"]}}],"collection":[{"href":"http:\/\/www.digital-art-residencies.kultur-centrale.de\/de\/wp-json\/wp\/v2\/posts"}],"about":[{"href":"http:\/\/www.digital-art-residencies.kultur-centrale.de\/de\/wp-json\/wp\/v2\/types\/post"}],"author":[{"embeddable":true,"href":"http:\/\/www.digital-art-residencies.kultur-centrale.de\/de\/wp-json\/wp\/v2\/users\/1"}],"replies":[{"embeddable":true,"href":"http:\/\/www.digital-art-residencies.kultur-centrale.de\/de\/wp-json\/wp\/v2\/comments?post=1583"}],"version-history":[{"count":3,"href":"http:\/\/www.digital-art-residencies.kultur-centrale.de\/de\/wp-json\/wp\/v2\/posts\/1583\/revisions"}],"predecessor-version":[{"id":1592,"href":"http:\/\/www.digital-art-residencies.kultur-centrale.de\/de\/wp-json\/wp\/v2\/posts\/1583\/revisions\/1592"}],"wp:featuredmedia":[{"embeddable":true,"href":"http:\/\/www.digital-art-residencies.kultur-centrale.de\/de\/wp-json\/wp\/v2\/media\/1586"}],"wp:attachment":[{"href":"http:\/\/www.digital-art-residencies.kultur-centrale.de\/de\/wp-json\/wp\/v2\/media?parent=1583"}],"wp:term":[{"taxonomy":"category","embeddable":true,"href":"http:\/\/www.digital-art-residencies.kultur-centrale.de\/de\/wp-json\/wp\/v2\/categories?post=1583"},{"taxonomy":"post_tag","embeddable":true,"href":"http:\/\/www.digital-art-residencies.kultur-centrale.de\/de\/wp-json\/wp\/v2\/tags?post=1583"}],"curies":[{"name":"wp","href":"https:\/\/api.w.org\/{rel}","templated":true}]}}