{"id":258,"date":"2022-10-20T15:53:45","date_gmt":"2022-10-20T13:53:45","guid":{"rendered":"http:\/\/www.digital-art-residencies.kultur-centrale.de\/?p=258"},"modified":"2022-11-21T17:25:46","modified_gmt":"2022-11-21T16:25:46","slug":"an-artist-9","status":"publish","type":"post","link":"http:\/\/www.digital-art-residencies.kultur-centrale.de\/de\/2022\/10\/20\/an-artist-9\/","title":{"rendered":"Oleksandra Kulikovska\u00a0"},"content":{"rendered":"<div class=\"wp-block-media-text alignwide is-stacked-on-mobile is-vertically-aligned-top\" style=\"grid-template-columns:25% auto\"><figure class=\"wp-block-media-text__media\"><img loading=\"lazy\" decoding=\"async\" width=\"1024\" height=\"682\" src=\"http:\/\/www.digital-art-residencies.kultur-centrale.de\/wp-content\/uploads\/2022\/10\/e6703b3e-b418-49fd-ad6c-9cdea7e4fa74-edited-1024x682.jpg\" alt=\"\" class=\"wp-image-479 size-full\" srcset=\"http:\/\/www.digital-art-residencies.kultur-centrale.de\/wp-content\/uploads\/2022\/10\/e6703b3e-b418-49fd-ad6c-9cdea7e4fa74-edited-1024x682.jpg 1024w, http:\/\/www.digital-art-residencies.kultur-centrale.de\/wp-content\/uploads\/2022\/10\/e6703b3e-b418-49fd-ad6c-9cdea7e4fa74-edited-300x200.jpg 300w, http:\/\/www.digital-art-residencies.kultur-centrale.de\/wp-content\/uploads\/2022\/10\/e6703b3e-b418-49fd-ad6c-9cdea7e4fa74-edited-768x512.jpg 768w, http:\/\/www.digital-art-residencies.kultur-centrale.de\/wp-content\/uploads\/2022\/10\/e6703b3e-b418-49fd-ad6c-9cdea7e4fa74-edited.jpg 1067w\" sizes=\"auto, (max-width: 1024px) 100vw, 1024px\" \/><\/figure><div class=\"wp-block-media-text__content\">\n<p>Ich wurde 2002 in Odesa, Ukraine, geboren. Jetzt musste ich wegen des Krieges nach Dresden (Deutschland) auswandern. Ich habe ein Jahr lang Psychologie an der Universit\u00e4t studiert und fange jetzt dieses Jahr an der HfBK Dresden an, Bildende Kunst zu studieren.<\/p>\n\n\n\n<p><strong>Wie erlebst du die Digitalisierung des menschlichen Verstandes?<\/strong><br>In meiner interdisziplin\u00e4ren Kunst besch\u00e4ftige ich mich aktiv mit den Themen Angst, psychische St\u00f6rungen, Tod, Krieg und Gewalt. Komplexe Themen werden oft vermieden, aber ich bin sicher, dass dies den ehrlichen Blick auf die Realit\u00e4t behindert. Wenn man die Realit\u00e4t ehrlich betrachtet, kann man etwas ver\u00e4ndern und diese Welt zu einem besseren Ort machen.<\/p>\n\n\n\n<p><strong>Wie kann deine Kunstpraxis dazu beitragen, diese Erfahrung zu verstehen?<\/strong><\/p>\n\n\n\n<p>Mein Hauptziel ist es, mit meinen Werken die richtigen Fragen zu stellen und den Menschen zu helfen, die Realit\u00e4t zu sehen und zu glauben, dass sie ver\u00e4ndert werden kann. Meine Collagen wurden in Einzel- und Gruppenausstellungen in Deutschland, Gro\u00dfbritannien, Italien, den USA, Hongkong, Kanada, Slowenien und der Ukraine ausgestellt.<\/p>\n<\/div><\/div>","protected":false},"excerpt":{"rendered":"<p>I was born in Odesa, Ukraine in 2002. Since then, I was forced to immegrate to Dresden on account of the war. I studied psychology at the university level for a year before beginning my art program at HfBK Dresden. How do you experience the digitalisation of the human mind?My work is a compilation of &hellip;<\/p>\n<p class=\"read-more\"> <a class=\"\" href=\"http:\/\/www.digital-art-residencies.kultur-centrale.de\/de\/2022\/10\/20\/an-artist-9\/\"> <span class=\"screen-reader-text\">Oleksandra Kulikovska\u00a0<\/span> Weiterlesen &raquo;<\/a><\/p>","protected":false},"author":1,"featured_media":637,"comment_status":"closed","ping_status":"closed","sticky":false,"template":"","format":"standard","meta":{"site-sidebar-layout":"default","site-content-layout":"default","ast-global-header-display":"","ast-main-header-display":"","ast-hfb-above-header-display":"","ast-hfb-below-header-display":"","ast-hfb-mobile-header-display":"","site-post-title":"","ast-breadcrumbs-content":"","ast-featured-img":"disabled","footer-sml-layout":"","theme-transparent-header-meta":"","adv-header-id-meta":"","stick-header-meta":"","header-above-stick-meta":"","header-main-stick-meta":"","header-below-stick-meta":"","pgc_sgb_lightbox_settings":"","footnotes":""},"categories":[3],"tags":[],"class_list":["post-258","post","type-post","status-publish","format-standard","has-post-thumbnail","hentry","category-artist"],"_links":{"self":[{"href":"http:\/\/www.digital-art-residencies.kultur-centrale.de\/de\/wp-json\/wp\/v2\/posts\/258","targetHints":{"allow":["GET"]}}],"collection":[{"href":"http:\/\/www.digital-art-residencies.kultur-centrale.de\/de\/wp-json\/wp\/v2\/posts"}],"about":[{"href":"http:\/\/www.digital-art-residencies.kultur-centrale.de\/de\/wp-json\/wp\/v2\/types\/post"}],"author":[{"embeddable":true,"href":"http:\/\/www.digital-art-residencies.kultur-centrale.de\/de\/wp-json\/wp\/v2\/users\/1"}],"replies":[{"embeddable":true,"href":"http:\/\/www.digital-art-residencies.kultur-centrale.de\/de\/wp-json\/wp\/v2\/comments?post=258"}],"version-history":[{"count":9,"href":"http:\/\/www.digital-art-residencies.kultur-centrale.de\/de\/wp-json\/wp\/v2\/posts\/258\/revisions"}],"predecessor-version":[{"id":1350,"href":"http:\/\/www.digital-art-residencies.kultur-centrale.de\/de\/wp-json\/wp\/v2\/posts\/258\/revisions\/1350"}],"wp:featuredmedia":[{"embeddable":true,"href":"http:\/\/www.digital-art-residencies.kultur-centrale.de\/de\/wp-json\/wp\/v2\/media\/637"}],"wp:attachment":[{"href":"http:\/\/www.digital-art-residencies.kultur-centrale.de\/de\/wp-json\/wp\/v2\/media?parent=258"}],"wp:term":[{"taxonomy":"category","embeddable":true,"href":"http:\/\/www.digital-art-residencies.kultur-centrale.de\/de\/wp-json\/wp\/v2\/categories?post=258"},{"taxonomy":"post_tag","embeddable":true,"href":"http:\/\/www.digital-art-residencies.kultur-centrale.de\/de\/wp-json\/wp\/v2\/tags?post=258"}],"curies":[{"name":"wp","href":"https:\/\/api.w.org\/{rel}","templated":true}]}}