{"id":278,"date":"2022-10-21T09:18:38","date_gmt":"2022-10-21T07:18:38","guid":{"rendered":"http:\/\/www.digital-art-residencies.kultur-centrale.de\/?p=278"},"modified":"2022-11-03T15:05:19","modified_gmt":"2022-11-03T14:05:19","slug":"an-artist-7","status":"publish","type":"post","link":"http:\/\/www.digital-art-residencies.kultur-centrale.de\/de\/2022\/10\/21\/an-artist-7\/","title":{"rendered":"Mia-Ann B\u00f6hm"},"content":{"rendered":"<div class=\"wp-block-media-text alignwide is-stacked-on-mobile is-vertically-aligned-top\" style=\"grid-template-columns:25% auto\"><figure class=\"wp-block-media-text__media\"><img loading=\"lazy\" decoding=\"async\" width=\"800\" height=\"800\" src=\"http:\/\/www.digital-art-residencies.kultur-centrale.de\/wp-content\/uploads\/2022\/10\/mia-squre.jpg\" alt=\"\" class=\"wp-image-638 size-full\" srcset=\"http:\/\/www.digital-art-residencies.kultur-centrale.de\/wp-content\/uploads\/2022\/10\/mia-squre.jpg 800w, http:\/\/www.digital-art-residencies.kultur-centrale.de\/wp-content\/uploads\/2022\/10\/mia-squre-300x300.jpg 300w, http:\/\/www.digital-art-residencies.kultur-centrale.de\/wp-content\/uploads\/2022\/10\/mia-squre-150x150.jpg 150w, http:\/\/www.digital-art-residencies.kultur-centrale.de\/wp-content\/uploads\/2022\/10\/mia-squre-768x768.jpg 768w\" sizes=\"auto, (max-width: 800px) 100vw, 800px\" \/><\/figure><div class=\"wp-block-media-text__content\">\n<p>Mein Name ist Mia und ich studiere Kunstp\u00e4dagogik an der TU Dresden. Ich habe mein ganzes Leben lang Kunst gemacht, schon als Kind mit meinem Opa gezeichnet und in der Schule Kunst geliebt. Um meine Leidenschaft mit j\u00fcngeren Menschen zu teilen und sie f\u00fcr Kunst zu begeistern, habe ich beschlossen, Kunstlehrerin zu werden.<\/p>\n\n\n\n<h6 class=\"has-medium-font-size wp-block-heading\"><strong>Wie erlebst du die Digitalisierung des menschlichen Verstandes?<\/strong><\/h6>\n\n\n\n<p>Ich denke nicht viel dar\u00fcber nach, aber wenn ich dar\u00fcber nachdenke, w\u00fcrde ich sagen, dass es zwei Seiten gibt: Was k\u00fcnstliche Intelligenzen angeht, so k\u00f6nnten sie das Leben sehr viel einfacher machen, vor allem wenn sie in Robotern eingesetzt werden, aber auf der anderen Seite macht es mir Angst, wie viel von einem menschlichen Verstand sie bereits haben. Und zum jetzigen Zeitpunkt denke ich, dass wir sie nicht wirklich brauchen, denn warum sollten wir etwas K\u00fcnstliches schaffen, das genauso intelligent ist wie wir?<br>Letztendlich kann ich nicht beurteilen, ob es notwendig ist, eine noch st\u00e4rker digitalisierte Gesellschaft zu werden, oder ob es nur der \"Gotteskomplex\" der Menschheit ist.<\/p>\n\n\n\n<h6 class=\"has-medium-font-size wp-block-heading\"><strong>Wie kann deine Kunstpraxis dazu beitragen, diese Erfahrung zu verstehen?<\/strong><\/h6>\n\n\n\n<p>Ich stehe nicht sehr auf digitale Sachen. Ich mache gerne ein paar kleine Skizzen in Procreate, aber nur, wenn ich keinen Stift und kein Papier dabei habe oder die Skizze\/Illustration eine digitale Version sein muss.<br>Um ehrlich zu sein, habe ich mich mit diesem Thema noch nie zuvor durch (meine eigene) Kunst auseinandergesetzt. Der Workshop bei JKPeV war meine erste Erfahrung in diesem Zusammenhang. Er hat mich inspiriert und ich habe es geliebt, mit anderen K\u00fcnstlern zu arbeiten. Aber selbst jetzt habe ich das Ganze noch nicht ganz verstanden, und vielleicht sollten wir das auch nicht, denn es ist wahrscheinlich zu komplex und kompliziert, um es in einem einzigen Leben zu verstehen.<\/p>\n<\/div><\/div>","protected":false},"excerpt":{"rendered":"<p>My name is Mia and I study art education at TU Dresden. I did art my whole life, started drawing with my grandpa as a child and loved art at school. To share my passion with younger people and make them interested in art, I decided to become an art teacher. How do you experience &hellip;<\/p>\n<p class=\"read-more\"> <a class=\"\" href=\"http:\/\/www.digital-art-residencies.kultur-centrale.de\/de\/2022\/10\/21\/an-artist-7\/\"> <span class=\"screen-reader-text\">Mia-Ann B\u00f6hm<\/span> Weiterlesen &raquo;<\/a><\/p>","protected":false},"author":1,"featured_media":638,"comment_status":"closed","ping_status":"closed","sticky":false,"template":"header-footer","format":"standard","meta":{"site-sidebar-layout":"default","site-content-layout":"default","ast-global-header-display":"","ast-main-header-display":"","ast-hfb-above-header-display":"","ast-hfb-below-header-display":"","ast-hfb-mobile-header-display":"","site-post-title":"","ast-breadcrumbs-content":"","ast-featured-img":"disabled","footer-sml-layout":"","theme-transparent-header-meta":"","adv-header-id-meta":"","stick-header-meta":"","header-above-stick-meta":"","header-main-stick-meta":"","header-below-stick-meta":"","pgc_sgb_lightbox_settings":"","footnotes":""},"categories":[3],"tags":[],"class_list":["post-278","post","type-post","status-publish","format-standard","has-post-thumbnail","hentry","category-artist"],"_links":{"self":[{"href":"http:\/\/www.digital-art-residencies.kultur-centrale.de\/de\/wp-json\/wp\/v2\/posts\/278","targetHints":{"allow":["GET"]}}],"collection":[{"href":"http:\/\/www.digital-art-residencies.kultur-centrale.de\/de\/wp-json\/wp\/v2\/posts"}],"about":[{"href":"http:\/\/www.digital-art-residencies.kultur-centrale.de\/de\/wp-json\/wp\/v2\/types\/post"}],"author":[{"embeddable":true,"href":"http:\/\/www.digital-art-residencies.kultur-centrale.de\/de\/wp-json\/wp\/v2\/users\/1"}],"replies":[{"embeddable":true,"href":"http:\/\/www.digital-art-residencies.kultur-centrale.de\/de\/wp-json\/wp\/v2\/comments?post=278"}],"version-history":[{"count":10,"href":"http:\/\/www.digital-art-residencies.kultur-centrale.de\/de\/wp-json\/wp\/v2\/posts\/278\/revisions"}],"predecessor-version":[{"id":639,"href":"http:\/\/www.digital-art-residencies.kultur-centrale.de\/de\/wp-json\/wp\/v2\/posts\/278\/revisions\/639"}],"wp:featuredmedia":[{"embeddable":true,"href":"http:\/\/www.digital-art-residencies.kultur-centrale.de\/de\/wp-json\/wp\/v2\/media\/638"}],"wp:attachment":[{"href":"http:\/\/www.digital-art-residencies.kultur-centrale.de\/de\/wp-json\/wp\/v2\/media?parent=278"}],"wp:term":[{"taxonomy":"category","embeddable":true,"href":"http:\/\/www.digital-art-residencies.kultur-centrale.de\/de\/wp-json\/wp\/v2\/categories?post=278"},{"taxonomy":"post_tag","embeddable":true,"href":"http:\/\/www.digital-art-residencies.kultur-centrale.de\/de\/wp-json\/wp\/v2\/tags?post=278"}],"curies":[{"name":"wp","href":"https:\/\/api.w.org\/{rel}","templated":true}]}}